{"id":3676,"date":"2020-02-29T14:10:13","date_gmt":"2020-02-29T14:10:13","guid":{"rendered":"http:\/\/estoyconthai.es\/blog\/?p=3676"},"modified":"2020-02-29T14:10:13","modified_gmt":"2020-02-29T14:10:13","slug":"manifestacion-apoyo-las-razas-mal-catalogadas-ppp","status":"publish","type":"post","link":"http:\/\/estoyconthai.es\/blog\/manifestacion-apoyo-las-razas-mal-catalogadas-ppp\/","title":{"rendered":"MANIFESTACI\u00d3N EN APOYO A LAS RAZAS MAL CATALOGADAS PPP"},"content":{"rendered":"<p>MANIFESTACI\u00d3N EN APOYO A LAS RAZAS MAL CATALOGADAS PPP<\/p>\n<p>NUESTRO APOYO 100%<\/p>\n<p>&nbsp;<\/p>\n<p><a href=\"http:\/\/estoyconthai.es\/blog\/wp-content\/uploads\/2020\/02\/b7224a5a8797a28ecc3749b7491203d1.jpg\" data-lightbox=\"gal[3676]\"><img loading=\"lazy\" decoding=\"async\" class=\"alignnone size-full wp-image-3677\" src=\"http:\/\/estoyconthai.es\/blog\/wp-content\/uploads\/2020\/02\/b7224a5a8797a28ecc3749b7491203d1.jpg\" alt=\"\" width=\"1000\" height=\"1509\" srcset=\"http:\/\/estoyconthai.es\/blog\/wp-content\/uploads\/2020\/02\/b7224a5a8797a28ecc3749b7491203d1.jpg 1000w, http:\/\/estoyconthai.es\/blog\/wp-content\/uploads\/2020\/02\/b7224a5a8797a28ecc3749b7491203d1-199x300.jpg 199w, http:\/\/estoyconthai.es\/blog\/wp-content\/uploads\/2020\/02\/b7224a5a8797a28ecc3749b7491203d1-768x1159.jpg 768w, http:\/\/estoyconthai.es\/blog\/wp-content\/uploads\/2020\/02\/b7224a5a8797a28ecc3749b7491203d1-679x1024.jpg 679w\" sizes=\"(max-width: 1000px) 100vw, 1000px\" \/><\/a><\/p>\n<p>Hac\u00eda tiempo que se hablaba de la necesidad de convocar una nueva manifestaci\u00f3n sobre la ley PPP.<!--more--><\/p>\n<p>Cristobal L\u00f3pez Bautista responsable de la p\u00e1gina <a class=\"profileLink\" href=\"https:\/\/www.facebook.com\/Profesionales-VS-LEY-PPP-803917149988622\/?__tn__=K-R&amp;eid=ARCiJ1TZnolWxG19sSkf0wf7qQ5RJAVWgnrrE3wR49RyFgfkO-sEGSK1QvARbyZnP9MIhnY48TgyY_Hw&amp;fref=mentions&amp;__xts__%5B0%5D=68.ARCrxQdBCubOjO7agmpwHgZdf_8UXPAvUxd1FXUkDpZpgMfis-GgIsAd29_0a0Ai5ZwtvyY2kNVk0R_VkS08_7bR8JsXGQORHZ8g4hsccNFGU8UwHhjuhBDgcDghBlbKxBUWeWvhNa9IxSluqZxz6n5M8KbTwwne9LOOGGdmq8QMqXAyt0vH7Ts5aP7AHGCJeXyDq_vjX_jl7rtCs6IpOztXWkDpB-9jX3j-FxtjHArb_D5OAhnUYiIxZSvK86k4zAAy6NJ-5IhUeiyZgrJrO7IOKab9GQtfgpHguEiDS2oxdiARePXdmQYBP_bFLIO8tMv83tXiCOo4gTwD9Zi8vIreHA\" data-hovercard=\"\/ajax\/hovercard\/page.php?id=803917149988622&amp;extragetparams=%7B%22__tn__%22%3A%22%2CdK-R-R%22%2C%22eid%22%3A%22ARCiJ1TZnolWxG19sSkf0wf7qQ5RJAVWgnrrE3wR49RyFgfkO-sEGSK1QvARbyZnP9MIhnY48TgyY_Hw%22%2C%22fref%22%3A%22mentions%22%7D\" data-hovercard-prefer-more-content-show=\"1\">Profesionales VS LEY PPP<\/a> tom\u00f3 la iniciativa tan necesaria y di\u00f3 el paso de empezar a mover \u00e9sta marea humana que esperamos sea imparable.<\/p>\n<div class=\"text_exposed_show\">\n<p>Nos sumamos nada m\u00e1s enterarnos y aqui estamos apoyando 100% \u00e9sta iniciativa, convocando a TODOS los que quieran sumarse, venir a la manifestaci\u00f3n a caminar juntos reivindicando el fin de una ley que es consecuencia de millones de abandonos y muertes, una ley que recauda s\u00ed pero tambi\u00e9n cuesta millones de euros al Estado.<\/p>\n<p>Os pedimos APOYO, que veng\u00e1is y que mov\u00e1is a vuestros seguidores para que acudan el d\u00eda 26 Abrilen Madrid, zona IFEMA 12:00H , es un tema de TODOS, si os importa el bienestar animal, el abandono y las injusticias, entonces os importa \u00e9sta lucha.<\/p>\n<p>A los que de verdad defend\u00e9is el bienestar animal y luch\u00e1is por un cambio de realidad os esperamos.<\/p>\n<p>En el pr\u00f3ximo cartel sale ampliado con todos los logos de las protectoras y asociaciones que os est\u00e1is sumando, pod\u00e9is mandarlo a:<\/p>\n<p>crstobal79@gmail.com<\/p>\n<p>Paso a paso, contamos con vuestro apoyo y colaboraci\u00f3n <span class=\"_5mfr\"><span class=\"_6qdm\">\u2665\ufe0f<\/span><\/span><\/p>\n<p>Comparte \u00e9ste post en tus redes para que se sumen m\u00e1s Asociaciones y personas.<\/p>\n<p><a class=\"_58cn\" href=\"https:\/\/www.facebook.com\/hashtag\/juntossomosuno?source=feed_text&amp;epa=HASHTAG&amp;__xts__%5B0%5D=68.ARCrxQdBCubOjO7agmpwHgZdf_8UXPAvUxd1FXUkDpZpgMfis-GgIsAd29_0a0Ai5ZwtvyY2kNVk0R_VkS08_7bR8JsXGQORHZ8g4hsccNFGU8UwHhjuhBDgcDghBlbKxBUWeWvhNa9IxSluqZxz6n5M8KbTwwne9LOOGGdmq8QMqXAyt0vH7Ts5aP7AHGCJeXyDq_vjX_jl7rtCs6IpOztXWkDpB-9jX3j-FxtjHArb_D5OAhnUYiIxZSvK86k4zAAy6NJ-5IhUeiyZgrJrO7IOKab9GQtfgpHguEiDS2oxdiARePXdmQYBP_bFLIO8tMv83tXiCOo4gTwD9Zi8vIreHA&amp;__tn__=%2ANK-R\" data-ft=\"{&quot;type&quot;:104,&quot;tn&quot;:&quot;*N&quot;}\"><span class=\"_5afx\"><span class=\"_58cl _5afz\" aria-label=\"hashtag\">#<\/span><span class=\"_58cm\">juntossomosuno<\/span><\/span><\/a><br \/>\n<a class=\"_58cn\" href=\"https:\/\/www.facebook.com\/hashtag\/niunpasoatr\u00e1s?source=feed_text&amp;epa=HASHTAG&amp;__xts__%5B0%5D=68.ARCrxQdBCubOjO7agmpwHgZdf_8UXPAvUxd1FXUkDpZpgMfis-GgIsAd29_0a0Ai5ZwtvyY2kNVk0R_VkS08_7bR8JsXGQORHZ8g4hsccNFGU8UwHhjuhBDgcDghBlbKxBUWeWvhNa9IxSluqZxz6n5M8KbTwwne9LOOGGdmq8QMqXAyt0vH7Ts5aP7AHGCJeXyDq_vjX_jl7rtCs6IpOztXWkDpB-9jX3j-FxtjHArb_D5OAhnUYiIxZSvK86k4zAAy6NJ-5IhUeiyZgrJrO7IOKab9GQtfgpHguEiDS2oxdiARePXdmQYBP_bFLIO8tMv83tXiCOo4gTwD9Zi8vIreHA&amp;__tn__=%2ANK-R\" data-ft=\"{&quot;type&quot;:104,&quot;tn&quot;:&quot;*N&quot;}\"><span class=\"_5afx\"><span class=\"_58cl _5afz\" aria-label=\"hashtag\">#<\/span><span class=\"_58cm\">NIUNPASOATR\u00c1S<\/span><\/span><\/a><\/p>\n<\/div>\n<p>&nbsp;<\/p>\n","protected":false},"excerpt":{"rendered":"<p>MANIFESTACI\u00d3N EN APOYO A LAS RAZAS MAL CATALOGADAS PPP NUESTRO APOYO 100% &nbsp; Hac\u00eda tiempo que se hablaba de la necesidad de convocar una nueva manifestaci\u00f3n sobre la ley PPP.<\/p>\n","protected":false},"author":1,"featured_media":0,"comment_status":"closed","ping_status":"open","sticky":false,"template":"","format":"standard","meta":{"_exactmetrics_skip_tracking":false,"_exactmetrics_sitenote_active":false,"_exactmetrics_sitenote_note":"","_exactmetrics_sitenote_category":0,"footnotes":""},"categories":[1],"tags":[],"_links":{"self":[{"href":"http:\/\/estoyconthai.es\/blog\/wp-json\/wp\/v2\/posts\/3676"}],"collection":[{"href":"http:\/\/estoyconthai.es\/blog\/wp-json\/wp\/v2\/posts"}],"about":[{"href":"http:\/\/estoyconthai.es\/blog\/wp-json\/wp\/v2\/types\/post"}],"author":[{"embeddable":true,"href":"http:\/\/estoyconthai.es\/blog\/wp-json\/wp\/v2\/users\/1"}],"replies":[{"embeddable":true,"href":"http:\/\/estoyconthai.es\/blog\/wp-json\/wp\/v2\/comments?post=3676"}],"version-history":[{"count":1,"href":"http:\/\/estoyconthai.es\/blog\/wp-json\/wp\/v2\/posts\/3676\/revisions"}],"predecessor-version":[{"id":3678,"href":"http:\/\/estoyconthai.es\/blog\/wp-json\/wp\/v2\/posts\/3676\/revisions\/3678"}],"wp:attachment":[{"href":"http:\/\/estoyconthai.es\/blog\/wp-json\/wp\/v2\/media?parent=3676"}],"wp:term":[{"taxonomy":"category","embeddable":true,"href":"http:\/\/estoyconthai.es\/blog\/wp-json\/wp\/v2\/categories?post=3676"},{"taxonomy":"post_tag","embeddable":true,"href":"http:\/\/estoyconthai.es\/blog\/wp-json\/wp\/v2\/tags?post=3676"}],"curies":[{"name":"wp","href":"https:\/\/api.w.org\/{rel}","templated":true}]}}