{"id":2864,"date":"2018-02-14T08:31:00","date_gmt":"2018-02-14T08:31:00","guid":{"rendered":"http:\/\/estoyconthai.es\/blog\/?p=2864"},"modified":"2018-04-11T13:33:00","modified_gmt":"2018-04-11T13:33:00","slug":"las-orejas-thai","status":"publish","type":"post","link":"http:\/\/estoyconthai.es\/blog\/las-orejas-thai\/","title":{"rendered":"LAS OREJAS DE THAI"},"content":{"rendered":"<p><a href=\"http:\/\/estoyconthai.es\/blog\/wp-content\/uploads\/2018\/04\/dos-foto.jpg\" data-lightbox=\"gal[2864]\"><img loading=\"lazy\" decoding=\"async\" class=\"aligncenter size-large wp-image-2865\" src=\"http:\/\/estoyconthai.es\/blog\/wp-content\/uploads\/2018\/04\/dos-foto-1024x777.jpg\" alt=\"\" width=\"665\" height=\"505\" srcset=\"http:\/\/estoyconthai.es\/blog\/wp-content\/uploads\/2018\/04\/dos-foto-1024x777.jpg 1024w, http:\/\/estoyconthai.es\/blog\/wp-content\/uploads\/2018\/04\/dos-foto-300x228.jpg 300w, http:\/\/estoyconthai.es\/blog\/wp-content\/uploads\/2018\/04\/dos-foto-768x583.jpg 768w, http:\/\/estoyconthai.es\/blog\/wp-content\/uploads\/2018\/04\/dos-foto.jpg 1170w\" sizes=\"(max-width: 665px) 100vw, 665px\" \/><\/a><\/p>\n<div id=\"id_5ace0df8a2a4b9535665776\" class=\"text_exposed_root text_exposed\">Aprovechando que me han pedido que escriba un art\u00edculo sobre la ratificaci\u00f3n del Convenio europeo sobre protecci\u00f3n de animales de compa\u00f1\u00eda y la prohibici\u00f3n de cortar orejas a los perros, voy a explayarme con un tema que hace tiempo le tengo ganas.<\/p>\n<p>No hay semana que alguien pase por \u00e9sta p\u00e1gina y deje su comentario sobre las orejas de Thai \u201c\u00a1Eeese perroo! \u00a1Tiene las orejas mut<span class=\"text_exposed_show\">iladas!\u201d<\/p>\n<p>Siempre son personas \u201cde paso\u201d, no saben qui\u00e9n es Thai, si es perro o perra, en qu\u00e9 consiste su proyecto \u201cEstoy con Thai\u201d, no siguen nuestra labor, ni lo que defendemos,.. y dir\u00eda m\u00e1s, ni les interesa nada de lo anterior.<\/p>\n<p>Aparecen como un elefante en una cacharrer\u00eda, sueltan su discurso con cierto tufo de hipocres\u00eda y se largan, esa es su aportaci\u00f3n. El otro d\u00eda una persona tuvo el valor de decirme que \u00a1Por qu\u00e9 pon\u00eda fotos de un perro con orejas mutiladas! Que usara fotos de otros perros<br \/>\n\u201c\u00a1 Ser\u00e1 por fotos!\u201c Apostillaba.<\/p>\n<p>A\u00fan estoy esperando que alguien pregunte antes de atacar, que me pregunte si yo se las he cortado y por qu\u00e9 raz\u00f3n.<\/p>\n<p>Y como nunca se ha dado el caso, voy a responder a mi propia pregunta:<br \/>\nYo no se las he cortado, Thai lleg\u00f3 a m\u00ed as\u00ed y as\u00ed la acept\u00e9, como el tesoro que es.<br \/>\nY no, no le cortar\u00eda las orejas a un perro por est\u00e9tica.<\/p>\n<p>Desde el 1 febrero podemos leer en grandes titulares y m\u00faltiples medios de comunicaci\u00f3n: \u201cen toda Espa\u00f1a estar\u00e1 prohibido, por fin, mutilar las orejas o la cola de los perros por est\u00e9tica\u201d<\/p>\n<p>\u00a1Por fin! \u00a1Ya est\u00e1 regulado! \u00a1Ya est\u00e1 prohibido!<\/p>\n<p>Esperemos que \u00e9sta \u201cpresi\u00f3n social\u201d a que estamos sometidos los propietarios de perros con orejas cortadas no redunde en una objeci\u00f3n de futuros propietarios a la hora de adoptar.<\/p>\n<p>Las perreras est\u00e1n abarrotadas de perros con orejas cortadas, amputadas, sesgadas.. esperando ser adoptados..<br \/>\nYa tienen bastante lastre con los prejuicios sobre determinadas razas, con los requisitos legales de la ley ppp, para que adem\u00e1s se les se\u00f1ale por sus orejas amputadas . \u2026 porque a la gente no le gusta ser juzgada a todas horas, algunos hemos nacido con espaldas anchas y nos la \u201crefanfinfla\u201d, el qu\u00e9 dir\u00e1n y qui\u00e9nes lo dir\u00e1n\u2026 pero a muchos otros si les afecta\u2026..Asi que los del \u201cdedo de Dios\u201d- todo el dia se\u00f1alando- tenedlo en cuenta si tanto os importa el bienestar animal<\/p>\n<p>Vamos a por la segunda parte, lo que los grandes titulares se han olvidado, porque el convenio europeo no s\u00f3lo proh\u00edbe mutilaciones\u2026\u2026 Copio directamente:<\/span><\/div>\n<div class=\"text_exposed_root text_exposed\"><span class=\"text_exposed_show\">http:\/\/www.congreso.es\/public_oficiales\/L12\/CONG\/BOCG\/C\/BOCG-12-C-6-5.PDF<\/p>\n<p>ART\u00cdCULO 4<br \/>\nTenencia<br \/>\n1. Toda persona que tenga un animal de compa\u00f1\u00eda o que haya aceptado ocuparse de \u00e9l ser\u00e1 responsable de su salud y bienestar.<br \/>\n2. Toda persona que tenga un animal de compa\u00f1\u00eda o que se ocupe de \u00e9l, deber\u00e1 procurarle alojamiento, cuidados y atenci\u00f3n que tengan en cuenta sus necesidades etol\u00f3gicas, de conformidad con su especie y raza, y en particular:<\/p>\n<p>b) proporcionarle oportunidades de ejercicio adecuadas;<\/p>\n<p>Esto tambi\u00e9n lo dice el convenio, el mismo convenio de las orejas y los rabos. Y choca frontalmente con la ley PPP sus correas de menos de 2 metros, sus bozales y sus \u201cprohibido tener suelto en via p\u00fablica\u201d esa via p\u00fablica que pregunto en cada Ayuntamiento qu\u00e9 comprende y me dicen \u201ctodo menos tu casa\u201d<br \/>\nY el convenio europeo me dice que soy responsable de procurarle salud , bienestar y ejercicio adecuado a sus necesidades etol\u00f3gicas. Y lo acabamos de ratificar.<\/p>\n<p>Me gustar\u00eda ver la misma vehemencia y escuchar el clamor de las voces al un\u00edsono, las pancartas y las banderas, los titulares y las indignaciones, reclamando la derogaci\u00f3n de una ley de maltrato animal.<br \/>\nA ver si este a\u00f1o en la manifestaci\u00f3n de Madrid contra la ley PPP llegamos a las mil personas\u2026<br \/>\nMutilar orejas es un delito, si, y prohibir a una animal correr libremente y hacer ejercicio tambi\u00e9n. Lo dice el mismo Convenio. Aunque no haya titulares de lo segundo.<br \/>\nMe gustar\u00eda que nos doliera igual cada perro atado y con bozal condenado de por vida a esa prisi\u00f3n. Me gustar\u00eda que nos dolieran por igual las orejas y las vidas. Porque hasta ahora la respuesta que obtengo siempre es \u201c haber escogido otra raza de perro\u201d.<br \/>\n<a class=\"_58cn\" href=\"https:\/\/www.facebook.com\/hashtag\/estoyconthai\" data-ft=\"{&quot;tn&quot;:&quot;*N&quot;,&quot;type&quot;:104}\">#estoyconthai<\/a><\/span><\/div>\n<div id=\"fbPhotoSnowliftCTMButton\"><\/div>\n","protected":false},"excerpt":{"rendered":"<p>Aprovechando que me han pedido que escriba un art\u00edculo sobre la ratificaci\u00f3n del Convenio europeo sobre protecci\u00f3n de animales de compa\u00f1\u00eda y la prohibici\u00f3n de cortar orejas a los perros, voy a explayarme con un tema que hace tiempo le tengo ganas. [&hellip;]<\/p>\n","protected":false},"author":1,"featured_media":0,"comment_status":"open","ping_status":"open","sticky":false,"template":"","format":"standard","meta":{"_exactmetrics_skip_tracking":false,"_exactmetrics_sitenote_active":false,"_exactmetrics_sitenote_note":"","_exactmetrics_sitenote_category":0,"footnotes":""},"categories":[2],"tags":[],"_links":{"self":[{"href":"http:\/\/estoyconthai.es\/blog\/wp-json\/wp\/v2\/posts\/2864"}],"collection":[{"href":"http:\/\/estoyconthai.es\/blog\/wp-json\/wp\/v2\/posts"}],"about":[{"href":"http:\/\/estoyconthai.es\/blog\/wp-json\/wp\/v2\/types\/post"}],"author":[{"embeddable":true,"href":"http:\/\/estoyconthai.es\/blog\/wp-json\/wp\/v2\/users\/1"}],"replies":[{"embeddable":true,"href":"http:\/\/estoyconthai.es\/blog\/wp-json\/wp\/v2\/comments?post=2864"}],"version-history":[{"count":1,"href":"http:\/\/estoyconthai.es\/blog\/wp-json\/wp\/v2\/posts\/2864\/revisions"}],"predecessor-version":[{"id":2866,"href":"http:\/\/estoyconthai.es\/blog\/wp-json\/wp\/v2\/posts\/2864\/revisions\/2866"}],"wp:attachment":[{"href":"http:\/\/estoyconthai.es\/blog\/wp-json\/wp\/v2\/media?parent=2864"}],"wp:term":[{"taxonomy":"category","embeddable":true,"href":"http:\/\/estoyconthai.es\/blog\/wp-json\/wp\/v2\/categories?post=2864"},{"taxonomy":"post_tag","embeddable":true,"href":"http:\/\/estoyconthai.es\/blog\/wp-json\/wp\/v2\/tags?post=2864"}],"curies":[{"name":"wp","href":"https:\/\/api.w.org\/{rel}","templated":true}]}}