{"id":2699,"date":"2018-03-17T12:43:52","date_gmt":"2018-03-17T12:43:52","guid":{"rendered":"http:\/\/estoyconthai.es\/blog\/?p=2699"},"modified":"2018-03-20T13:06:34","modified_gmt":"2018-03-20T13:06:34","slug":"gracias-lobo-marley","status":"publish","type":"post","link":"http:\/\/estoyconthai.es\/blog\/gracias-lobo-marley\/","title":{"rendered":"GRACIAS LOBO MARLEY"},"content":{"rendered":"<p><a href=\"http:\/\/estoyconthai.es\/blog\/wp-content\/uploads\/2018\/03\/LAJ7589w.jpg\" data-lightbox=\"gal[2699]\"><img loading=\"lazy\" decoding=\"async\" class=\"aligncenter size-full wp-image-2700\" src=\"http:\/\/estoyconthai.es\/blog\/wp-content\/uploads\/2018\/03\/LAJ7589w.jpg\" alt=\"\" width=\"900\" height=\"600\" srcset=\"http:\/\/estoyconthai.es\/blog\/wp-content\/uploads\/2018\/03\/LAJ7589w.jpg 900w, http:\/\/estoyconthai.es\/blog\/wp-content\/uploads\/2018\/03\/LAJ7589w-300x200.jpg 300w, http:\/\/estoyconthai.es\/blog\/wp-content\/uploads\/2018\/03\/LAJ7589w-768x512.jpg 768w\" sizes=\"(max-width: 900px) 100vw, 900px\" \/><\/a><\/p>\n<p>Como ya anunciamos, el pasado s\u00e1bado estuvimos en el Gabinete de Historia Natural, Sede de Lobo Marley, en la presentaci\u00f3n del documental \u00abDa\u00f1os Cero\u00bb de David Nieto Mace\u00edn.<\/p>\n<p>( Da\u00f1os Cero: <a href=\"https:\/\/youtu.be\/4tRsyyNYMAU\" target=\"_blank\" rel=\"nofollow noopener\" data-ft=\"{&quot;tn&quot;:&quot;-U&quot;}\" data-lynx-mode=\"asynclazy\" data-lynx-uri=\"https:\/\/l.facebook.com\/l.php?u=https%3A%2F%2Fyoutu.be%2F4tRsyyNYMAU&amp;h=ATMBuZsca9ptXhx7xc5T-xSWlR-JsQO4OCWGVCX8OuOnMBruURvlrg0Z68lG4MvzvgJsefxbaHvRkd9uhVg6kL0qZSO90bA2T_xTGN9I_WLXQaVMgoXroWJSzrAKPNbWv9Oj\">https:\/\/youtu.be\/4tRsyyNYMAU<\/a>)<\/p>\n<p><!--more--><\/p>\n<div class=\"text_exposed_show\">\n<p>Hubo un interesant\u00edsimo coloquio con gran participaci\u00f3n, donde se expuso la realidad que sufre el lobo<br \/>\ny el gran mensaje que Lobo Marley nos traslad\u00f3:<\/p>\n<p>El LOBO IB\u00c9RICO es Patrimonio Natural de TODOS, y como tal debemos exigir su protecci\u00f3n.<\/p>\n<p>Thai\u00a0 -y su proyecto \u00abEstoy conThai\u00bb -tambi\u00e9n estuvo y se expuso la situaci\u00f3n que sufren \u00e9stas razas de perros, perseguidos igual que el lobo.<br \/>\nV\u00edctimas de una sociedad y una legislaci\u00f3n que no protege sino persigue a las v\u00edctimas.<\/p>\n<p>En un d\u00eda tan se\u00f1alado fu\u00e9 un inmenso gesto por parte de Lobo Marley, darnos cabida en su evento y dar visibilidad a \u00e9sta otra realidad. Porque las grandes personas y asociaciones, ondean una \u00fanica bandera, la del respeto por la vida.<\/p>\n<p>Desde aqu\u00ed, Unidos en Apoyo a las razas PPP, Ladra Espa\u00f1a y Baby-Face.es queremos agradecer a todos los participantes, la gran acogida y arrope que recibimos, todas las caricias y halagos que tuvo Thai, el cari\u00f1o, respeto e inter\u00e9s y sobre todo el APOYO.<\/p>\n<p>Por eso hemos elegido \u00e9sta foto, una foto que derrocha simpat\u00eda, y puede simbolizar muy bien el gran trato que recibimos y la ilusi\u00f3n de saber, que muchos caminamos juntos, por el lobo, por el perro, por la vida y las causas justas.<\/p>\n<p>\u00a1\u00a1GRACIAS A TODOS!!<\/p>\n<p>En la Foto: David,Alvaro, Ali y Thai<br \/>\n<a class=\"_58cn\" href=\"https:\/\/www.facebook.com\/hashtag\/estoyconthai?source=feed_text\" data-ft=\"{&quot;tn&quot;:&quot;*N&quot;,&quot;type&quot;:104}\"><span class=\"_5afx\"><span class=\"_58cl _5afz\" aria-label=\"numeral\">#<\/span><span class=\"_58cm\">estoyconthai<\/span><\/span><\/a> <a class=\"_58cn\" href=\"https:\/\/www.facebook.com\/hashtag\/loboprotegido18m?source=feed_text\" data-ft=\"{&quot;tn&quot;:&quot;*N&quot;,&quot;type&quot;:104}\"><span class=\"_5afx\"><span class=\"_58cl _5afz\" aria-label=\"numeral\">#<\/span><span class=\"_58cm\">LoboProtegido18M<\/span><\/span><\/a> <a class=\"_58cn\" href=\"https:\/\/www.facebook.com\/hashtag\/lobovivo?source=feed_text\" data-ft=\"{&quot;tn&quot;:&quot;*N&quot;,&quot;type&quot;:104}\"><span class=\"_5afx\"><span class=\"_58cl _5afz\" aria-label=\"numeral\">#<\/span><span class=\"_58cm\">LoboVivo<\/span><\/span><\/a><\/p>\n<\/div>\n","protected":false},"excerpt":{"rendered":"<p>Como ya anunciamos, el pasado s\u00e1bado estuvimos en el Gabinete de Historia Natural, Sede de Lobo Marley, en la presentaci\u00f3n del documental \u00abDa\u00f1os Cero\u00bb de David Nieto Mace\u00edn. ( Da\u00f1os Cero: https:\/\/youtu.be\/4tRsyyNYMAU)<\/p>\n","protected":false},"author":1,"featured_media":0,"comment_status":"open","ping_status":"open","sticky":false,"template":"","format":"standard","meta":{"_exactmetrics_skip_tracking":false,"_exactmetrics_sitenote_active":false,"_exactmetrics_sitenote_note":"","_exactmetrics_sitenote_category":0,"footnotes":""},"categories":[2],"tags":[22,54],"_links":{"self":[{"href":"http:\/\/estoyconthai.es\/blog\/wp-json\/wp\/v2\/posts\/2699"}],"collection":[{"href":"http:\/\/estoyconthai.es\/blog\/wp-json\/wp\/v2\/posts"}],"about":[{"href":"http:\/\/estoyconthai.es\/blog\/wp-json\/wp\/v2\/types\/post"}],"author":[{"embeddable":true,"href":"http:\/\/estoyconthai.es\/blog\/wp-json\/wp\/v2\/users\/1"}],"replies":[{"embeddable":true,"href":"http:\/\/estoyconthai.es\/blog\/wp-json\/wp\/v2\/comments?post=2699"}],"version-history":[{"count":2,"href":"http:\/\/estoyconthai.es\/blog\/wp-json\/wp\/v2\/posts\/2699\/revisions"}],"predecessor-version":[{"id":2702,"href":"http:\/\/estoyconthai.es\/blog\/wp-json\/wp\/v2\/posts\/2699\/revisions\/2702"}],"wp:attachment":[{"href":"http:\/\/estoyconthai.es\/blog\/wp-json\/wp\/v2\/media?parent=2699"}],"wp:term":[{"taxonomy":"category","embeddable":true,"href":"http:\/\/estoyconthai.es\/blog\/wp-json\/wp\/v2\/categories?post=2699"},{"taxonomy":"post_tag","embeddable":true,"href":"http:\/\/estoyconthai.es\/blog\/wp-json\/wp\/v2\/tags?post=2699"}],"curies":[{"name":"wp","href":"https:\/\/api.w.org\/{rel}","templated":true}]}}