{"id":1888,"date":"2017-10-24T13:57:02","date_gmt":"2017-10-24T13:57:02","guid":{"rendered":"http:\/\/estoyconthai.es\/blog\/?p=1888"},"modified":"2017-10-24T13:57:02","modified_gmt":"2017-10-24T13:57:02","slug":"javier-thai-consejo-espanol-de-proteccion-animal","status":"publish","type":"post","link":"http:\/\/estoyconthai.es\/blog\/javier-thai-consejo-espanol-de-proteccion-animal\/","title":{"rendered":"JAVIER &#038; THAI .CONSEJO ESPA\u00d1OL DE PROTECCI\u00d3N ANIMAL"},"content":{"rendered":"<p>&nbsp;<\/p>\n<p>&nbsp;<\/p>\n<p><span id=\"fbPhotoSnowliftCaption\" class=\"fbPhotosPhotoCaption\" tabindex=\"0\" data-ft=\"{&quot;tn&quot;:&quot;K&quot;}\"><span class=\"hasCaption\"><a href=\"http:\/\/estoyconthai.es\/blog\/wp-content\/uploads\/2017\/10\/LAJ6940W.jpg\" data-lightbox=\"gal[1888]\" rel=\"attachment wp-att-1890\"><img loading=\"lazy\" decoding=\"async\" class=\"alignnone size-full wp-image-1890\" src=\"http:\/\/estoyconthai.es\/blog\/wp-content\/uploads\/2017\/10\/LAJ6940W.jpg\" alt=\"_LAJ6940W\" width=\"533\" height=\"800\" srcset=\"http:\/\/estoyconthai.es\/blog\/wp-content\/uploads\/2017\/10\/LAJ6940W.jpg 533w, http:\/\/estoyconthai.es\/blog\/wp-content\/uploads\/2017\/10\/LAJ6940W-200x300.jpg 200w\" sizes=\"(max-width: 533px) 100vw, 533px\" \/><\/a><\/span><\/span><\/p>\n<p>&nbsp;<\/p>\n<p><span id=\"fbPhotoSnowliftCaption\" class=\"fbPhotosPhotoCaption\" tabindex=\"0\" data-ft=\"{&quot;tn&quot;:&quot;K&quot;}\"><span class=\"hasCaption\">Hoy me he levantado profundamente apenado. Estaba ilusionado por participar activamente en el proyecto <a class=\"_58cn\" href=\"https:\/\/www.facebook.com\/hashtag\/estoyconthai\" data-ft=\"{&quot;tn&quot;:&quot;*N&quot;,&quot;type&quot;:104}\">#EstoyConThai<\/a> pero es un d\u00eda triste. La Comunidad Gallega ha decidido CONDENAR al MALTRATO LEGAL a otra de las razas extras que componen su cat\u00e1logo de exclusi\u00f3n social, ese cat\u00e1logo llamado Perros Potencialmente Peligrosos.<br \/>\n<span class=\"text_exposed_show\"><\/p>\n<p>Ha decidido marcar y se\u00f1alar con el dedo a toda una raza, y en consecuencia a todos sus due\u00f1os. En este caso se ha decidido se\u00f1alar al BULL TERRIER.<\/p>\n<p><a href=\"http:\/\/estoyconthai.es\/blog\/wp-content\/uploads\/2017\/10\/LAJ6937W.jpg\" data-lightbox=\"gal[1888]\" rel=\"attachment wp-att-1889\"><img loading=\"lazy\" decoding=\"async\" class=\"alignnone size-full wp-image-1889\" src=\"http:\/\/estoyconthai.es\/blog\/wp-content\/uploads\/2017\/10\/LAJ6937W.jpg\" alt=\"_LAJ6937W\" width=\"533\" height=\"800\" srcset=\"http:\/\/estoyconthai.es\/blog\/wp-content\/uploads\/2017\/10\/LAJ6937W.jpg 533w, http:\/\/estoyconthai.es\/blog\/wp-content\/uploads\/2017\/10\/LAJ6937W-200x300.jpg 200w\" sizes=\"(max-width: 533px) 100vw, 533px\" \/><\/a><\/p>\n<p>Personalmente tengo un documento administrativo de la misma Xunta donde se reconoce que el Bull Terrier no es un PPP por lo que supongo que estos cambios estar\u00e1n justificados de alguna forma, \u00bfo no?. Desde luego que yo intentar\u00e9 aclarar este tema y llegar al final de esta decisi\u00f3n.<\/p>\n<p><\/span><\/span><\/span><\/p>\n<p><span id=\"fbPhotoSnowliftCaption\" class=\"fbPhotosPhotoCaption\" tabindex=\"0\" data-ft=\"{&quot;tn&quot;:&quot;K&quot;}\"><span class=\"hasCaption\"><span class=\"text_exposed_show\"><a href=\"http:\/\/estoyconthai.es\/blog\/wp-content\/uploads\/2017\/10\/LAJ6944W.jpg\" data-lightbox=\"gal[1888]\" rel=\"attachment wp-att-1891\"><img loading=\"lazy\" decoding=\"async\" class=\"alignnone size-full wp-image-1891\" src=\"http:\/\/estoyconthai.es\/blog\/wp-content\/uploads\/2017\/10\/LAJ6944W.jpg\" alt=\"_LAJ6944W\" width=\"533\" height=\"800\" srcset=\"http:\/\/estoyconthai.es\/blog\/wp-content\/uploads\/2017\/10\/LAJ6944W.jpg 533w, http:\/\/estoyconthai.es\/blog\/wp-content\/uploads\/2017\/10\/LAJ6944W-200x300.jpg 200w\" sizes=\"(max-width: 533px) 100vw, 533px\" \/><\/a><br \/>\nNo acabo por entender estos cambios, no comprendo c\u00f3mo sin datos concretos y s\u00f3lo por decisiones personales se puede decidir tan alegremente sobre el futuro de tantos perros y de sus due\u00f1os.<\/p>\n<p>No estamos hablando de legislar, estamos hablando de estigmatizar, apartar, privar de libertad a due\u00f1os y perros, a exponerlos socialmente a un control exhaustivo por parte de las autoridades que NO se hace con el resto de razas.<\/p>\n<p>Os animo activamente a preguntar, a pedir estad\u00edsticas, a utilizar el portal de transparencia de vuestras comunidades.<\/p>\n<p>Se justifica con la necesidad de controlar y responsabilizarse pero realmente esta ley no tiene ese fundamento. Partimos de la base en que la ley nacional se configur\u00f3 en base a criterios econ\u00f3micos de diferentes lobbies interesados en incidir en muchas razas y no en otras.<\/p>\n<p>En Galicia por ejemplo el Mast\u00edn espa\u00f1ol, utilizado en ganader\u00eda para controlar a los lobos no est\u00e1 incluido, pero s\u00ed el Mast\u00edn Napolitano. \u00bfEn qu\u00e9 nos basamos para determinar que raza s\u00ed y que raza no? \u00bfPor qu\u00e9 no existe un consenso nacional? La respuesta es clara, intereses, no se trata de seguridad, se trata de meros intereses econ\u00f3micos o de protecci\u00f3n de una raza local.<\/p>\n<p>A d\u00eda de hoy, algunas Comunidades siguen incrementando estas listas aunque la mayor\u00eda de ellas se decantan por la lista nacional. Un total de 8 razas frente a las 16 que acaba de marcar la Xunta de Galicia.<\/p>\n<p>\u00bfQu\u00e9 ocurre con esas 8 razas extras? \u00bfSon m\u00e1s agresivas al cruzar la frontera gallega? \u00bfSe han producido incidentes nuevos que aconsejen un mayor control de estas razas? \u00bfQu\u00e9 pasa cuando me muevo por el territorio nacional con un animal que en un sitio no es PPP y en otro s\u00ed que lo es? \u00bfEstamos hablando del mismo animal? \u00bfC\u00f3mo puedo completar la burocracia que me solicitan si se saca localmente y mi poblaci\u00f3n no me la puede ofrecer puesto que no afecta a mi animal?<\/p>\n<p>\u00bfC\u00f3mo quedo en esta nueva situaci\u00f3n? Os lo dir\u00e9 alto y claro, DESPROTEGIDO<br \/>\n<\/span><\/span><\/span><\/p>\n<p><span id=\"fbPhotoSnowliftCaption\" class=\"fbPhotosPhotoCaption\" tabindex=\"0\" data-ft=\"{&quot;tn&quot;:&quot;K&quot;}\"><span class=\"hasCaption\"><span class=\"text_exposed_show\"><a href=\"http:\/\/estoyconthai.es\/blog\/wp-content\/uploads\/2017\/10\/LAJ6946W.jpg\" data-lightbox=\"gal[1888]\" rel=\"attachment wp-att-1892\"><img loading=\"lazy\" decoding=\"async\" class=\"alignnone size-full wp-image-1892\" src=\"http:\/\/estoyconthai.es\/blog\/wp-content\/uploads\/2017\/10\/LAJ6946W.jpg\" alt=\"_LAJ6946W\" width=\"900\" height=\"600\" srcset=\"http:\/\/estoyconthai.es\/blog\/wp-content\/uploads\/2017\/10\/LAJ6946W.jpg 900w, http:\/\/estoyconthai.es\/blog\/wp-content\/uploads\/2017\/10\/LAJ6946W-300x200.jpg 300w, http:\/\/estoyconthai.es\/blog\/wp-content\/uploads\/2017\/10\/LAJ6946W-768x512.jpg 768w\" sizes=\"(max-width: 900px) 100vw, 900px\" \/><\/a><\/p>\n<p>Hace ya mucho tiempo que venimos luchando por la visibilidad de estas razas. Luchando contra la estigmatizaci\u00f3n social y legal de las mismas. Luchando contra prohibiciones expresas para estos perros como no poder ir en transporte p\u00fablico, entrar a locales o incluso parques caninos. Eso por no contar con el abandono actual y la ausencia casi total de adopciones sobre estas razas.<\/p>\n<p>\u00bfDe qui\u00e9n ser\u00e1 la culpa? &#8230;&#8230;<\/p>\n<p>Siento deciros que la culpa NO ES exclusiva de los pol\u00edticos, es nuestra, nuestra por no exigir cambios de leyes, nuestra por no exigir respecto, nuestra por no pedir explicaciones ante cambios de leyes de este tipo, nuestra por no unirnos en decir basta ya. Nuestra en no luchar por una ausencia de abandonos y una mayor concienciaci\u00f3n social donde no excluyamos por caracter\u00edsticas f\u00edsicas sino por comportamientos concretos.<\/p>\n<p>No te quedes parado. Reflexiona, empatiza y pregunta.<\/p>\n<p>De verdad, hoy m\u00e1s que nunca #EstoyConThai.<\/span><\/span><\/span><\/p>\n","protected":false},"excerpt":{"rendered":"<p>&nbsp; &nbsp; &nbsp; Hoy me he levantado profundamente apenado. Estaba ilusionado por participar activamente en el proyecto #EstoyConThai pero es un d\u00eda triste. La Comunidad Gallega ha decidido CONDENAR al MALTRATO LEGAL a otra de las razas extras que componen su cat\u00e1logo [&hellip;]<\/p>\n","protected":false},"author":1,"featured_media":0,"comment_status":"open","ping_status":"open","sticky":false,"template":"","format":"standard","meta":{"_exactmetrics_skip_tracking":false,"_exactmetrics_sitenote_active":false,"_exactmetrics_sitenote_note":"","_exactmetrics_sitenote_category":0,"footnotes":""},"categories":[2],"tags":[],"_links":{"self":[{"href":"http:\/\/estoyconthai.es\/blog\/wp-json\/wp\/v2\/posts\/1888"}],"collection":[{"href":"http:\/\/estoyconthai.es\/blog\/wp-json\/wp\/v2\/posts"}],"about":[{"href":"http:\/\/estoyconthai.es\/blog\/wp-json\/wp\/v2\/types\/post"}],"author":[{"embeddable":true,"href":"http:\/\/estoyconthai.es\/blog\/wp-json\/wp\/v2\/users\/1"}],"replies":[{"embeddable":true,"href":"http:\/\/estoyconthai.es\/blog\/wp-json\/wp\/v2\/comments?post=1888"}],"version-history":[{"count":1,"href":"http:\/\/estoyconthai.es\/blog\/wp-json\/wp\/v2\/posts\/1888\/revisions"}],"predecessor-version":[{"id":1893,"href":"http:\/\/estoyconthai.es\/blog\/wp-json\/wp\/v2\/posts\/1888\/revisions\/1893"}],"wp:attachment":[{"href":"http:\/\/estoyconthai.es\/blog\/wp-json\/wp\/v2\/media?parent=1888"}],"wp:term":[{"taxonomy":"category","embeddable":true,"href":"http:\/\/estoyconthai.es\/blog\/wp-json\/wp\/v2\/categories?post=1888"},{"taxonomy":"post_tag","embeddable":true,"href":"http:\/\/estoyconthai.es\/blog\/wp-json\/wp\/v2\/tags?post=1888"}],"curies":[{"name":"wp","href":"https:\/\/api.w.org\/{rel}","templated":true}]}}